[{"@context":"https:\/\/schema.org\/","@type":"Article","@id":"https:\/\/www.danima.cz\/darek-k-narozeninam\/#Article","mainEntityOfPage":"https:\/\/www.danima.cz\/darek-k-narozeninam\/","headline":"D\u00e1rek k narozenin\u00e1m","name":"D\u00e1rek k narozenin\u00e1m","description":"Tak\u00e9 jste n\u011bkdy snili o tom, \u017ee budete m\u00edt n\u011bkdy motorku? J\u00e1 tedy rozhodn\u011b ne. M\u011b by ani ve snu nenapadlo, \u017ee mi t\u0159eba tak\u00e9","datePublished":"2024-07-19","dateModified":"2024-07-19","author":{"@type":"Person","@id":"https:\/\/www.danima.cz\/author\/devene\/#Person","name":"devene","url":"https:\/\/www.danima.cz\/author\/devene\/","identifier":1,"image":{"@type":"ImageObject","@id":"https:\/\/secure.gravatar.com\/avatar\/5522eb0fc8481dea5f6519f6a0b15ee2c46358d48429b281fd7c49cbb5a929f9?s=96&d=mm&r=g","url":"https:\/\/secure.gravatar.com\/avatar\/5522eb0fc8481dea5f6519f6a0b15ee2c46358d48429b281fd7c49cbb5a929f9?s=96&d=mm&r=g","height":96,"width":96}},"publisher":{"@type":"Organization","name":"danima.cz","logo":{"@type":"ImageObject","@id":"\/logo.png","url":"\/logo.png","width":600,"height":60}},"image":{"@type":"ImageObject","@id":"https:\/\/www.danima.cz\/wp-content\/uploads\/utah-5079020_960_720.jpg","url":"https:\/\/www.danima.cz\/wp-content\/uploads\/utah-5079020_960_720.jpg","height":0,"width":0},"url":"https:\/\/www.danima.cz\/darek-k-narozeninam\/","about":["Moto"],"wordCount":418,"articleBody":"Tak\u00e9 jste n\u011bkdy snili o tom, \u017ee budete m\u00edt n\u011bkdy motorku? J\u00e1 tedy rozhodn\u011b ne. M\u011b by ani ve snu nenapadlo, \u017ee mi t\u0159eba tak\u00e9 n\u011bkdo \u0159ekne, \u017ee bych si m\u011bla po\u0159\u00eddit motorku a u\u017e v\u016fbec bych si nemyslela, \u017ee bych dostala k narozenin\u00e1m n\u011bjakou motorku. A\u00a0je\u0161t\u011b takovou kr\u00e1snou velikou motorku. Kr\u00e1sn\u00e1, z\u00e1\u0159iv\u00e1, \u010derven\u00e1 barva. Kdy\u017e mi partner\u00a0uk\u00e1zal, jak\u00fd mi d\u00e1rek k m\u00fdm t\u0159ic\u00e1tin\u00e1m, tak jsem rozhodn\u011b nem\u011bla slov. Byla\u00a0jsem opravdu beze slova a nem\u011bla jsem co \u0159\u00edct a myslela jsem si, \u017ee se mi to zd\u00e1. Nebo \u017ee jsem snad oslepla. Nebo \u017ee jsem snad n\u011bkde ve snu. M\u016fj\u00a0partner mi \u0159ekl, \u017ee tohle je realita a a\u0165 si zkus\u00edm sednout na motorku, kterou jsem dostala k narozenin\u00e1m. M\u016fj partner m\u011bl \u00fapln\u011b stejnou motorku, akor\u00e1t v takov\u00e9 k\u0159iklav\u011b ost\u0159e zelen\u00e9 barv\u011b. Ta motorka se mi moc l\u00edbila. Sice ano, \u0159idi\u010dsk\u00e9 opr\u00e1vn\u011bn\u00ed m\u00e1m na motorku, na takovou silnou motorku, ale nikdy jsem nev\u011bd\u011bla, \u017ee budu m\u00edt tak\u00e9 vlastn\u00ed motorku, proto\u017ee jsem m\u011bla v pl\u00e1nu, \u017ee si\u00a0budu ob\u010das jenom t\u0159eba na n\u011bjakou sezonu n\u011bkde v p\u016fj\u010dovn\u011b p\u016fj\u010dovat\u00a0anebo \u017ee si ji\u00a0budou p\u016fj\u010dovat od sv\u00e9ho partnera. Jenom\u017ee partner \u0159ekl, \u017ee on\u00a0v\u017edycky cht\u011bl, abychom jezdili ve dvou n\u011bkam na v\u00fdlety a na motorce. J\u00e1 jsem sice cht\u011bla tak\u00e9 a kolikr\u00e1t jsem si t\u0159eba p\u016fj\u010dila od souseda anebo z p\u016fj\u010dovny. Jenom\u017ee partner asi m\u011bl jin\u00e9 pl\u00e1ny, v\u016fbec bych tohle ani po n\u011bm necht\u011bla. Jenom\u017ee kdy\u017e partner u\u017e tohle koupil, tak jsem byla opravdu hodn\u011b nad\u0161en\u00e1. A asi po p\u011bti\u00a0minut\u00e1ch, kdy\u017e mi tohle v\u0161echno do\u0161lo, \u017ee m\u00e1m tak\u00e9 t\u011b\u017ekou kr\u00e1snou motorku, kterou jsem v\u017edycky p\u0159\u00e1la a snila jsem o n\u00ed, tak jsem se potom rozbre\u010dela \u0161t\u011bst\u00edm. N\u011bkdo jednodu\u0161e motorky miluje. A podle m\u00e9ho n\u00e1zoru nejsem jedin\u00e1, kdo m\u00e1 motorky r\u00e1d, ale tak\u00e9 jsou lid\u00e9, kte\u0159\u00ed motorky opravdu zbo\u017e\u0148uj\u00ed. Maj\u00ed je r\u00e1di, ale boj\u00ed se na nich jezdit, ale n\u011bkdy se jim nediv\u00edm. N\u011bkdy je to v\u00e1\u017en\u011b nebezpe\u010dn\u00e9.\u00a0                                                                                                                                                                                                                                                                                                                                                                                        3.5\/5 - (12 votes)        "},{"@context":"https:\/\/schema.org\/","@type":"BreadcrumbList","itemListElement":[{"@type":"ListItem","position":1,"name":"D\u00e1rek k narozenin\u00e1m","item":"https:\/\/www.danima.cz\/darek-k-narozeninam\/#breadcrumbitem"}]}]