{"@context":"https:\/\/schema.org\/","@type":"CollectionPage","@id":"https:\/\/www.danima.cz\/firmy\/#CollectionPage","headline":"Firmy Category","description":"","url":"https:\/\/www.danima.cz\/firmy\/","hasPart":[{"@type":"Article","@id":"https:\/\/www.danima.cz\/jaky-je-rozdil-mezi-privatnimi-a-escortnimi-sluzbami\/","headline":"Jak\u00fd je rozd\u00edl mezi priv\u00e1tn\u00edmi a escortn\u00edmi slu\u017ebami?","url":"https:\/\/www.danima.cz\/jaky-je-rozdil-mezi-privatnimi-a-escortnimi-sluzbami\/","datePublished":"2025-02-14","dateModified":"2025-02-14","mainEntityOfPage":"https:\/\/www.danima.cz\/jaky-je-rozdil-mezi-privatnimi-a-escortnimi-sluzbami\/","author":{"@type":"Person","@id":"https:\/\/www.danima.cz\/author\/devene\/#Person","name":"devene","url":"https:\/\/www.danima.cz\/author\/devene\/","identifier":1,"image":{"@type":"ImageObject","@id":"https:\/\/secure.gravatar.com\/avatar\/5522eb0fc8481dea5f6519f6a0b15ee2c46358d48429b281fd7c49cbb5a929f9?s=96&d=mm&r=g","url":"https:\/\/secure.gravatar.com\/avatar\/5522eb0fc8481dea5f6519f6a0b15ee2c46358d48429b281fd7c49cbb5a929f9?s=96&d=mm&r=g","height":96,"width":96}},"publisher":{"@type":"Organization","name":"danima.cz","logo":{"@type":"ImageObject","@id":"\/logo.png","url":"\/logo.png","width":600,"height":60}},"image":{"@type":"ImageObject","@id":"https:\/\/www.danima.cz\/wp-content\/uploads\/deon-black-ZQV-OUC6Gpg-unsplash.jpg","url":"https:\/\/www.danima.cz\/wp-content\/uploads\/deon-black-ZQV-OUC6Gpg-unsplash.jpg","height":0,"width":0},"keywords":null},{"@type":"Article","@id":"https:\/\/www.danima.cz\/pronajem-auta-na-letisti-v-ruzyni\/","headline":"Pron\u00e1jem auta na leti\u0161ti v Ruzyni","url":"https:\/\/www.danima.cz\/pronajem-auta-na-letisti-v-ruzyni\/","datePublished":"2024-11-05","dateModified":"2024-11-05","mainEntityOfPage":"https:\/\/www.danima.cz\/pronajem-auta-na-letisti-v-ruzyni\/","author":{"@type":"Person","@id":"https:\/\/www.danima.cz\/author\/devene\/#Person","name":"devene","url":"https:\/\/www.danima.cz\/author\/devene\/","identifier":1,"image":{"@type":"ImageObject","@id":"https:\/\/secure.gravatar.com\/avatar\/5522eb0fc8481dea5f6519f6a0b15ee2c46358d48429b281fd7c49cbb5a929f9?s=96&d=mm&r=g","url":"https:\/\/secure.gravatar.com\/avatar\/5522eb0fc8481dea5f6519f6a0b15ee2c46358d48429b281fd7c49cbb5a929f9?s=96&d=mm&r=g","height":96,"width":96}},"publisher":{"@type":"Organization","name":"danima.cz","logo":{"@type":"ImageObject","@id":"\/logo.png","url":"\/logo.png","width":600,"height":60}},"image":{"@type":"ImageObject","@id":"https:\/\/www.danima.cz\/wp-content\/uploads\/bechyne-3055389_640_1.jpg","url":"https:\/\/www.danima.cz\/wp-content\/uploads\/bechyne-3055389_640_1.jpg","height":0,"width":0},"keywords":null},{"@type":"Article","@id":"https:\/\/www.danima.cz\/technologie-ktera-nam-pomaha\/","headline":"Technologie, kter\u00e1 n\u00e1m pom\u00e1h\u00e1.","url":"https:\/\/www.danima.cz\/technologie-ktera-nam-pomaha\/","datePublished":"2024-04-15","dateModified":"2024-04-15","mainEntityOfPage":"https:\/\/www.danima.cz\/technologie-ktera-nam-pomaha\/","author":{"@type":"Person","@id":"https:\/\/www.danima.cz\/author\/devene\/#Person","name":"devene","url":"https:\/\/www.danima.cz\/author\/devene\/","identifier":1,"image":{"@type":"ImageObject","@id":"https:\/\/secure.gravatar.com\/avatar\/5522eb0fc8481dea5f6519f6a0b15ee2c46358d48429b281fd7c49cbb5a929f9?s=96&d=mm&r=g","url":"https:\/\/secure.gravatar.com\/avatar\/5522eb0fc8481dea5f6519f6a0b15ee2c46358d48429b281fd7c49cbb5a929f9?s=96&d=mm&r=g","height":96,"width":96}},"publisher":{"@type":"Organization","name":"danima.cz","logo":{"@type":"ImageObject","@id":"\/logo.png","url":"\/logo.png","width":600,"height":60}},"image":{"@type":"ImageObject","@id":"https:\/\/www.danima.cz\/wp-content\/uploads\/balcony-3009152_640_1.jpg","url":"https:\/\/www.danima.cz\/wp-content\/uploads\/balcony-3009152_640_1.jpg","height":0,"width":0},"keywords":null},{"@type":"Article","@id":"https:\/\/www.danima.cz\/bylo-by-tu-virtualni-reseni\/","headline":"Bylo by tu virtu\u00e1ln\u00ed \u0159e\u0161en\u00ed","url":"https:\/\/www.danima.cz\/bylo-by-tu-virtualni-reseni\/","datePublished":"2024-04-15","dateModified":"2024-05-17","mainEntityOfPage":"https:\/\/www.danima.cz\/bylo-by-tu-virtualni-reseni\/","author":{"@type":"Person","@id":"https:\/\/www.danima.cz\/author\/devene\/#Person","name":"devene","url":"https:\/\/www.danima.cz\/author\/devene\/","identifier":1,"image":{"@type":"ImageObject","@id":"https:\/\/secure.gravatar.com\/avatar\/5522eb0fc8481dea5f6519f6a0b15ee2c46358d48429b281fd7c49cbb5a929f9?s=96&d=mm&r=g","url":"https:\/\/secure.gravatar.com\/avatar\/5522eb0fc8481dea5f6519f6a0b15ee2c46358d48429b281fd7c49cbb5a929f9?s=96&d=mm&r=g","height":96,"width":96}},"publisher":{"@type":"Organization","name":"danima.cz","logo":{"@type":"ImageObject","@id":"\/logo.png","url":"\/logo.png","width":600,"height":60}},"image":{"@type":"ImageObject","@id":"https:\/\/www.danima.cz\/wp-content\/uploads\/fssss.jpg","url":"https:\/\/www.danima.cz\/wp-content\/uploads\/fssss.jpg","height":0,"width":0},"keywords":null},{"@type":"Article","@id":"https:\/\/www.danima.cz\/nejlepsi-propagace\/","headline":"Nejlep\u0161\u00ed propagace","url":"https:\/\/www.danima.cz\/nejlepsi-propagace\/","datePublished":"2024-04-14","dateModified":"2024-05-14","mainEntityOfPage":"https:\/\/www.danima.cz\/nejlepsi-propagace\/","author":{"@type":"Person","@id":"https:\/\/www.danima.cz\/author\/devene\/#Person","name":"devene","url":"https:\/\/www.danima.cz\/author\/devene\/","identifier":1,"image":{"@type":"ImageObject","@id":"https:\/\/secure.gravatar.com\/avatar\/5522eb0fc8481dea5f6519f6a0b15ee2c46358d48429b281fd7c49cbb5a929f9?s=96&d=mm&r=g","url":"https:\/\/secure.gravatar.com\/avatar\/5522eb0fc8481dea5f6519f6a0b15ee2c46358d48429b281fd7c49cbb5a929f9?s=96&d=mm&r=g","height":96,"width":96}},"publisher":{"@type":"Organization","name":"danima.cz","logo":{"@type":"ImageObject","@id":"\/logo.png","url":"\/logo.png","width":600,"height":60}},"image":{"@type":"ImageObject","@id":"https:\/\/www.danima.cz\/wp-content\/uploads\/kilgore-761313_640_1.jpg","url":"https:\/\/www.danima.cz\/wp-content\/uploads\/kilgore-761313_640_1.jpg","height":0,"width":0},"keywords":null},{"@type":"Article","@id":"https:\/\/www.danima.cz\/dohodnete-se-s-topenarem-na-vystavbe-podlahoveho-topeni\/","headline":"Dohodn\u011bte se s topen\u00e1\u0159em na v\u00fdstavb\u011b podlahov\u00e9ho topen\u00ed","url":"https:\/\/www.danima.cz\/dohodnete-se-s-topenarem-na-vystavbe-podlahoveho-topeni\/","datePublished":"2024-04-13","dateModified":"2024-05-13","mainEntityOfPage":"https:\/\/www.danima.cz\/dohodnete-se-s-topenarem-na-vystavbe-podlahoveho-topeni\/","author":{"@type":"Person","@id":"https:\/\/www.danima.cz\/author\/devene\/#Person","name":"devene","url":"https:\/\/www.danima.cz\/author\/devene\/","identifier":1,"image":{"@type":"ImageObject","@id":"https:\/\/secure.gravatar.com\/avatar\/5522eb0fc8481dea5f6519f6a0b15ee2c46358d48429b281fd7c49cbb5a929f9?s=96&d=mm&r=g","url":"https:\/\/secure.gravatar.com\/avatar\/5522eb0fc8481dea5f6519f6a0b15ee2c46358d48429b281fd7c49cbb5a929f9?s=96&d=mm&r=g","height":96,"width":96}},"publisher":{"@type":"Organization","name":"danima.cz","logo":{"@type":"ImageObject","@id":"\/logo.png","url":"\/logo.png","width":600,"height":60}},"image":{"@type":"ImageObject","@id":"https:\/\/www.danima.cz\/wp-content\/uploads\/house-2006023_640_4.png","url":"https:\/\/www.danima.cz\/wp-content\/uploads\/house-2006023_640_4.png","height":0,"width":0},"keywords":null},{"@type":"Article","@id":"https:\/\/www.danima.cz\/proc-se-o-sebe-starat\/","headline":"Pro\u010d se o sebe starat?","url":"https:\/\/www.danima.cz\/proc-se-o-sebe-starat\/","datePublished":"2024-03-18","dateModified":"2024-04-22","mainEntityOfPage":"https:\/\/www.danima.cz\/proc-se-o-sebe-starat\/","author":{"@type":"Person","@id":"https:\/\/www.danima.cz\/author\/devene\/#Person","name":"devene","url":"https:\/\/www.danima.cz\/author\/devene\/","identifier":1,"image":{"@type":"ImageObject","@id":"https:\/\/secure.gravatar.com\/avatar\/5522eb0fc8481dea5f6519f6a0b15ee2c46358d48429b281fd7c49cbb5a929f9?s=96&d=mm&r=g","url":"https:\/\/secure.gravatar.com\/avatar\/5522eb0fc8481dea5f6519f6a0b15ee2c46358d48429b281fd7c49cbb5a929f9?s=96&d=mm&r=g","height":96,"width":96}},"publisher":{"@type":"Organization","name":"danima.cz","logo":{"@type":"ImageObject","@id":"\/logo.png","url":"\/logo.png","width":600,"height":60}},"image":{"@type":"ImageObject","@id":"https:\/\/www.danima.cz\/wp-content\/uploads\/inside-3315725_640.jpg","url":"https:\/\/www.danima.cz\/wp-content\/uploads\/inside-3315725_640.jpg","height":0,"width":0},"keywords":null},{"@type":"Article","@id":"https:\/\/www.danima.cz\/vykouzleni-lepsi-detske-atmosfery\/","headline":"Vykouzlen\u00ed lep\u0161\u00ed d\u011btsk\u00e9 atmosf\u00e9ry","url":"https:\/\/www.danima.cz\/vykouzleni-lepsi-detske-atmosfery\/","datePublished":"2024-02-14","dateModified":"2024-03-15","mainEntityOfPage":"https:\/\/www.danima.cz\/vykouzleni-lepsi-detske-atmosfery\/","author":{"@type":"Person","@id":"https:\/\/www.danima.cz\/author\/devene\/#Person","name":"devene","url":"https:\/\/www.danima.cz\/author\/devene\/","identifier":1,"image":{"@type":"ImageObject","@id":"https:\/\/secure.gravatar.com\/avatar\/5522eb0fc8481dea5f6519f6a0b15ee2c46358d48429b281fd7c49cbb5a929f9?s=96&d=mm&r=g","url":"https:\/\/secure.gravatar.com\/avatar\/5522eb0fc8481dea5f6519f6a0b15ee2c46358d48429b281fd7c49cbb5a929f9?s=96&d=mm&r=g","height":96,"width":96}},"publisher":{"@type":"Organization","name":"danima.cz","logo":{"@type":"ImageObject","@id":"\/logo.png","url":"\/logo.png","width":600,"height":60}},"image":{"@type":"ImageObject","@id":"https:\/\/www.danima.cz\/wp-content\/uploads\/sta%C5%BEen%C3%BD%20soubor%20(4)_1.jpeg","url":"https:\/\/www.danima.cz\/wp-content\/uploads\/sta%C5%BEen%C3%BD%20soubor%20(4)_1.jpeg","height":0,"width":0},"keywords":null},{"@type":"Article","@id":"https:\/\/www.danima.cz\/stehujeme-se-v-lednu\/","headline":"St\u011bhujeme se v lednu","url":"https:\/\/www.danima.cz\/stehujeme-se-v-lednu\/","datePublished":"2024-01-22","dateModified":"2024-01-22","mainEntityOfPage":"https:\/\/www.danima.cz\/stehujeme-se-v-lednu\/","author":{"@type":"Person","@id":"https:\/\/www.danima.cz\/author\/devene\/#Person","name":"devene","url":"https:\/\/www.danima.cz\/author\/devene\/","identifier":1,"image":{"@type":"ImageObject","@id":"https:\/\/secure.gravatar.com\/avatar\/5522eb0fc8481dea5f6519f6a0b15ee2c46358d48429b281fd7c49cbb5a929f9?s=96&d=mm&r=g","url":"https:\/\/secure.gravatar.com\/avatar\/5522eb0fc8481dea5f6519f6a0b15ee2c46358d48429b281fd7c49cbb5a929f9?s=96&d=mm&r=g","height":96,"width":96}},"publisher":{"@type":"Organization","name":"danima.cz","logo":{"@type":"ImageObject","@id":"\/logo.png","url":"\/logo.png","width":600,"height":60}},"image":{"@type":"ImageObject","@id":"https:\/\/www.danima.cz\/wp-content\/uploads\/city-5998313_640.jpg","url":"https:\/\/www.danima.cz\/wp-content\/uploads\/city-5998313_640.jpg","height":0,"width":0},"keywords":null},{"@type":"Article","@id":"https:\/\/www.danima.cz\/posadte-vasi-navstevu-na-koberec\/","headline":"Posa\u010fte va\u0161i n\u00e1v\u0161t\u011bvu na koberec","url":"https:\/\/www.danima.cz\/posadte-vasi-navstevu-na-koberec\/","datePublished":"2023-11-13","dateModified":"2023-11-13","mainEntityOfPage":"https:\/\/www.danima.cz\/posadte-vasi-navstevu-na-koberec\/","author":{"@type":"Person","@id":"https:\/\/www.danima.cz\/author\/devene\/#Person","name":"devene","url":"https:\/\/www.danima.cz\/author\/devene\/","identifier":1,"image":{"@type":"ImageObject","@id":"https:\/\/secure.gravatar.com\/avatar\/5522eb0fc8481dea5f6519f6a0b15ee2c46358d48429b281fd7c49cbb5a929f9?s=96&d=mm&r=g","url":"https:\/\/secure.gravatar.com\/avatar\/5522eb0fc8481dea5f6519f6a0b15ee2c46358d48429b281fd7c49cbb5a929f9?s=96&d=mm&r=g","height":96,"width":96}},"publisher":{"@type":"Organization","name":"danima.cz","logo":{"@type":"ImageObject","@id":"\/logo.png","url":"\/logo.png","width":600,"height":60}},"image":{"@type":"ImageObject","@id":"https:\/\/www.danima.cz\/wp-content\/uploads\/textile-73464_640.jpg","url":"https:\/\/www.danima.cz\/wp-content\/uploads\/textile-73464_640.jpg","height":0,"width":0},"keywords":null}]}