[{"@context":"https:\/\/schema.org\/","@type":"Article","@id":"https:\/\/www.danima.cz\/maly-prostor-ale-velka-uroda\/#Article","mainEntityOfPage":"https:\/\/www.danima.cz\/maly-prostor-ale-velka-uroda\/","headline":"Mal\u00fd prostor, ale velk\u00e1 \u00faroda","name":"Mal\u00fd prostor, ale velk\u00e1 \u00faroda","description":"R\u00e1di byste si tak\u00e9 po\u0159\u00eddili sklen\u00edk, ale bohu\u017eel nem\u00e1te skoro \u017e\u00e1dn\u00fd prostor na sv\u00e9m pozemku? V tomto p\u0159\u00edpad\u011b m\u00e1me pro v\u00e1s nejen radu, jak to","datePublished":"2024-03-05","dateModified":"2024-04-18","author":{"@type":"Person","@id":"https:\/\/www.danima.cz\/author\/devene\/#Person","name":"devene","url":"https:\/\/www.danima.cz\/author\/devene\/","identifier":1,"image":{"@type":"ImageObject","@id":"https:\/\/secure.gravatar.com\/avatar\/5522eb0fc8481dea5f6519f6a0b15ee2c46358d48429b281fd7c49cbb5a929f9?s=96&d=mm&r=g","url":"https:\/\/secure.gravatar.com\/avatar\/5522eb0fc8481dea5f6519f6a0b15ee2c46358d48429b281fd7c49cbb5a929f9?s=96&d=mm&r=g","height":96,"width":96}},"publisher":{"@type":"Organization","name":"danima.cz","logo":{"@type":"ImageObject","@id":"\/logo.png","url":"\/logo.png","width":600,"height":60}},"image":{"@type":"ImageObject","@id":"https:\/\/www.danima.cz\/wp-content\/uploads\/sklenik_u_zdi_nXwAO5.jpg","url":"https:\/\/www.danima.cz\/wp-content\/uploads\/sklenik_u_zdi_nXwAO5.jpg","height":0,"width":0},"url":"https:\/\/www.danima.cz\/maly-prostor-ale-velka-uroda\/","about":["Produkty"],"wordCount":456,"articleBody":"        R\u00e1di byste si tak\u00e9 po\u0159\u00eddili sklen\u00edk, ale bohu\u017eel nem\u00e1te skoro \u017e\u00e1dn\u00fd prostor na sv\u00e9m pozemku? V tomto p\u0159\u00edpad\u011b m\u00e1me pro v\u00e1s nejen radu, jak to ud\u011blat, ale tak\u00e9 p\u0159in\u00e1\u0161\u00edme \u0159e\u0161en\u00ed. Na v\u00e1s bude, jak se v\u00e1m bude na\u0161e l\u00edbit a zdali se rozhodnete pro n\u00e1slednou koupi. Mo\u017en\u00e1 jste je\u0161t\u011b nesly\u0161eli i sklen\u00edku, kter\u00fd bude u zdi n\u011bjak\u00e9ho domu, gar\u00e1\u017ee nebo i zahradn\u00edho domku, z\u00e1le\u017e\u00ed na tom, jakou stavbu s pevnou zd\u00ed budete m\u00edt na sv\u00e9m pozemku. Je pravdou, \u017ee je\u0161t\u011b ne\u017e ho koup\u00edte, tak vlastn\u011b u\u0161et\u0159\u00edte \u2013 to bude toti\u017e jeho jedna strana. D\u00e1le to bude i prostor, proto\u017ee se postav\u00ed kr\u00e1sn\u011b \u0161ikmo ke zdi. Dalo by se p\u0159ipodobnit k tomu, \u017ee si vlastn\u011b koup\u00edte jakoby p\u016flku klasick\u00e9ho sklen\u00ed\u010dku. Mont\u00e1\u017e nen\u00ed slo\u017eit\u00e1 a rozhodn\u011b si s t\u00edm nezni\u010d\u00edte \u017e\u00e1dnou stavbu, co\u017e je mnohdy nejv\u011bt\u0161\u00ed obava.  Dal\u0161\u00ed jeho skute\u010dnou v\u00fdhodou je, \u017ee mu samoz\u0159ejm\u011b vyberete takov\u00e9 m\u00edsto, kde bude nejv\u00edce sv\u00edtit slunce, tud\u00ed\u017e se b\u011bhem dne kr\u00e1sn\u011b nah\u0159eje ze\u010f, kter\u00e1 posl\u00e9ze bude pr\u016fb\u011b\u017en\u011b vyd\u00e1vat teplo do va\u0161eho sklen\u00edku. Nebudete muset ani v chladn\u011bj\u0161\u00edch jarn\u00edch m\u011bs\u00edc\u00edch tolik \u0159e\u0161it samotn\u00e9 vyh\u0159\u00edv\u00e1n\u00ed. Dal\u0161\u00ed takovou na\u0161\u00ed vychyt\u00e1vkou, kterou nab\u00edz\u00edme na\u0161ich z\u00e1kazn\u00edk\u016fm je to, \u017ee si m\u016f\u017eete po\u0159\u00eddit sklen\u00edk ke zdi v barv\u00e1ch fas\u00e1dy va\u0161eho domu. Bude to velmi zaj\u00edmav\u011b vypadat a z\u00e1rove\u0148 to budete m\u00edt jako sou\u010d\u00e1st va\u0161\u00ed budovy.   Na\u0161e v\u00fdroby sklen\u00edk\u016f Jsme \u010desk\u00e1 firma, tud\u00ed\u017e s n\u00e1mi se domluv\u00edte na v\u0161em, co v\u00e1s bude zaj\u00edmat nebo co konkr\u00e9tn\u011b budete pot\u0159ebovat. I kdy\u017e v\u011bt\u0161inu sklen\u00edk\u016f m\u00e1me skladem, tak nen\u00ed probl\u00e9m v\u00e1m vyrobit atypick\u00fd tvar, kter\u00fd budete pot\u0159ebovat na sv\u016fj pozemek. D\u016fle\u017eit\u00e1 je samotn\u00e1 konstrukce, kterou nab\u00edz\u00edme ve skute\u010dn\u011b byteln\u00e9 podob\u011b, a rozhodn\u011b v\u00e1m bude oporou nosn\u00fdch \u010d\u00e1st\u00ed. Jedn\u00e1 se o pozinkovanou konstrukci o s\u00edle 1,5 \u2013 3 mm, z\u00e1le\u017e\u00ed na zat\u00ed\u017een\u00ed jednotliv\u00fdch \u010d\u00e1st\u00ed. Jako v\u00fdpl\u0148 nab\u00edz\u00edme sklo Helios, o s\u00edle 4 mm nebo polykarbon\u00e1t, o s\u00edle 6 mm s bo\u010dn\u00ed pozinkovanou v\u00fdztuhou. Jsou to v\u00fdpln\u011b vysoce odoln\u00e9 a nemus\u00edte je p\u0159i prudk\u00e9m slunci ani st\u00ednit. Jejich UV filtr si porad\u00ed se slune\u010dn\u00edmi paprsky s\u00e1m.                                                                                                                                                                                                                                                                                                                                                                                          4.5\/5 - (4 votes)        "},{"@context":"https:\/\/schema.org\/","@type":"BreadcrumbList","itemListElement":[{"@type":"ListItem","position":1,"name":"Mal\u00fd prostor, ale velk\u00e1 \u00faroda","item":"https:\/\/www.danima.cz\/maly-prostor-ale-velka-uroda\/#breadcrumbitem"}]}]