[{"@context":"https:\/\/schema.org\/","@type":"Article","@id":"https:\/\/www.danima.cz\/nasim-cilem-je-vase-duvera\/#Article","mainEntityOfPage":"https:\/\/www.danima.cz\/nasim-cilem-je-vase-duvera\/","headline":"Na\u0161\u00edm c\u00edlem je Va\u0161e d\u016fv\u011bra","name":"Na\u0161\u00edm c\u00edlem je Va\u0161e d\u016fv\u011bra","description":"Za t\u00edmto prohl\u00e1\u0161en\u00edm si stoj\u00edme ji\u017e \u0159adu let. P\u0159eci pro\u010d prod\u00e1vat, kdy\u017e z\u00e1kazn\u00edk nebude spokojen a u\u017e se k n\u00e1m nevr\u00e1t\u00ed? Jsme p\u0159edn\u00edm prodejcem koberc\u016f","datePublished":"2025-03-17","dateModified":"2025-03-17","author":{"@type":"Person","@id":"https:\/\/www.danima.cz\/author\/devene\/#Person","name":"devene","url":"https:\/\/www.danima.cz\/author\/devene\/","identifier":1,"image":{"@type":"ImageObject","@id":"https:\/\/secure.gravatar.com\/avatar\/5522eb0fc8481dea5f6519f6a0b15ee2c46358d48429b281fd7c49cbb5a929f9?s=96&d=mm&r=g","url":"https:\/\/secure.gravatar.com\/avatar\/5522eb0fc8481dea5f6519f6a0b15ee2c46358d48429b281fd7c49cbb5a929f9?s=96&d=mm&r=g","height":96,"width":96}},"publisher":{"@type":"Organization","name":"danima.cz","logo":{"@type":"ImageObject","@id":"\/logo.png","url":"\/logo.png","width":600,"height":60}},"url":"https:\/\/www.danima.cz\/nasim-cilem-je-vase-duvera\/","wordCount":200,"articleBody":" Za t\u00edmto prohl\u00e1\u0161en\u00edm si stoj\u00edme ji\u017e \u0159adu let. P\u0159eci pro\u010d prod\u00e1vat, kdy\u017e z\u00e1kazn\u00edk nebude spokojen a u\u017e se k n\u00e1m nevr\u00e1t\u00ed? Jsme p\u0159edn\u00edm prodejcem koberc\u016f u n\u00e1s. Sna\u017e\u00edme se spolupracovat jen s t\u011bmi nejlep\u0161\u00edmi v\u00fdrobci ve sv\u00e9m oboru a zahajujeme spolupr\u00e1ci na z\u00e1klad\u011b p\u0159\u00edsn\u00fdch krit\u00e9ri\u00ed. Cena na\u0161ich produkt\u016f je v\u00edce ne\u017e p\u0159ijateln\u00e1 a samoz\u0159ejm\u011b se tak\u00e9 odv\u00edj\u00ed od typu v\u00fdrobku. Od ka\u017ed\u00e9ho n\u011bco V na\u0161\u00ed pe\u010dliv\u011b poskl\u00e1dan\u00e9 nab\u00eddce naleznete mnoho druh\u016f produkt\u016f, ze kter\u00fdch si vybere i ten nejn\u00e1ro\u010dn\u011bj\u0161\u00ed z\u00e1kazn\u00edk. M\u00e1me koberce, modern\u00ed s abstraktn\u00edmi, \u010di geometrick\u00fdmi vzory vhodn\u00e1 sp\u00ed\u0161e pro mlad\u0161\u00ed generace. D\u00e1le nab\u00edz\u00edme i produkty do d\u011btsk\u00e9ho pokoj\u00ed\u010dku, anebo klasick\u00e9, kter\u00e9 jsou st\u00e1le velice popul\u00e1rn\u00ed a jejich kr\u00e1sa je zkr\u00e1tka nesmrteln\u00e1. A pro ty, co pot\u0159ebuj\u00ed jen n\u011bco decentn\u011b doladit, m\u00e1me i nep\u0159ebern\u00e9 mno\u017estv\u00ed t\u011bch jednobarevn\u00fdch, kter\u00e9 se hod\u00ed opravdu do ka\u017ed\u00e9ho interi\u00e9ru.                                                                                                                                                                                                                                                                                                                                                                                                "},{"@context":"https:\/\/schema.org\/","@type":"BreadcrumbList","itemListElement":[{"@type":"ListItem","position":1,"name":"Na\u0161\u00edm c\u00edlem je Va\u0161e d\u016fv\u011bra","item":"https:\/\/www.danima.cz\/nasim-cilem-je-vase-duvera\/#breadcrumbitem"}]}]