[{"@context":"https:\/\/schema.org\/","@type":"Article","@id":"https:\/\/www.danima.cz\/nenechte-se-pripravit-o-cas\/#Article","mainEntityOfPage":"https:\/\/www.danima.cz\/nenechte-se-pripravit-o-cas\/","headline":"Nenechte se p\u0159ipravit o \u010das","name":"Nenechte se p\u0159ipravit o \u010das","description":"M\u00e1te n\u00e1ro\u010dn\u00e9 zam\u011bstn\u00e1n\u00ed, star\u00e1te se o rodinu a je\u0161t\u011b jste se nechali v dom\u011b doslova ukecat, abyste se stali \u010dlenem v\u00fdboru Spole\u010denstv\u00ed vlastn\u00edk\u016f bytov\u00fdch jednotek","datePublished":"2023-04-01","dateModified":"2023-06-01","author":{"@type":"Person","@id":"https:\/\/www.danima.cz\/author\/devene\/#Person","name":"devene","url":"https:\/\/www.danima.cz\/author\/devene\/","identifier":1,"image":{"@type":"ImageObject","@id":"https:\/\/secure.gravatar.com\/avatar\/5522eb0fc8481dea5f6519f6a0b15ee2c46358d48429b281fd7c49cbb5a929f9?s=96&d=mm&r=g","url":"https:\/\/secure.gravatar.com\/avatar\/5522eb0fc8481dea5f6519f6a0b15ee2c46358d48429b281fd7c49cbb5a929f9?s=96&d=mm&r=g","height":96,"width":96}},"publisher":{"@type":"Organization","name":"danima.cz","logo":{"@type":"ImageObject","@id":"\/logo.png","url":"\/logo.png","width":600,"height":60}},"image":{"@type":"ImageObject","@id":"https:\/\/www.danima.cz\/wp-content\/uploads\/office-g3af6c62ce_640.jpg","url":"https:\/\/www.danima.cz\/wp-content\/uploads\/office-g3af6c62ce_640.jpg","height":0,"width":0},"url":"https:\/\/www.danima.cz\/nenechte-se-pripravit-o-cas\/","about":["Firmy"],"wordCount":431,"articleBody":"   M\u00e1te n\u00e1ro\u010dn\u00e9 zam\u011bstn\u00e1n\u00ed, star\u00e1te se o rodinu a je\u0161t\u011b jste se nechali v dom\u011b doslova ukecat, abyste se stali \u010dlenem v\u00fdboru Spole\u010denstv\u00ed vlastn\u00edk\u016f bytov\u00fdch jednotek a dokonce v\u00e1s zvolili za p\u0159edsedu? Nen\u00ed divu, \u017ee brzy budete tohoto rozhodnut\u00ed mo\u017en\u00e1 litovat, proto\u017ee i kdy\u017e se to nezd\u00e1, i p\u0159edsednictv\u00ed v\u00e1s bude st\u00e1t docela hodn\u011b \u010dasu. A pokud si voln\u00fd \u010das \u0161et\u0159\u00edte pro svou rodinu nebo sv\u00e9 kon\u00ed\u010dky, tak budete tento \u010das muset ob\u011btovat v\u00fdboru a Spole\u010denstv\u00ed. \u017de byste se r\u00e1di t\u00e9to povinnosti zbavili, ale nikdo nechce va\u0161i funkci ve v\u00fdboru p\u0159evz\u00edt? M\u00e1te tady jedine\u010dnou mo\u017enost, jak celou situaci vy\u0159e\u0161it a t\u00edm je profesion\u00e1ln\u00ed p\u0159edseda SVJ. \u017de nev\u00edte, o co se jedn\u00e1? To je jednoduch\u00e1 odpov\u011b\u010f, n\u011bkdo mimo v\u00e1\u0161 d\u016fm si vezme v\u0161echny starosti na sv\u00e1 bedra a vy op\u011bt budete m\u00edt sv\u016fj voln\u00fd \u010das pro sebe a va\u0161i rodinu.Profesion\u00e1ln\u00ed p\u0159edseda m\u00e1 to, co vy jste museli zvl\u00e1dnout p\u0159i sv\u00e9m zam\u011bstn\u00e1n\u00ed, jako pracovn\u00ed pom\u011br a m\u00e1 tak dostatek \u010dasu, aby sledoval ve\u0161ker\u00e9 z\u00e1kony a vyhl\u00e1\u0161ky, prov\u00e1d\u011bc\u00ed p\u0159edpisy apod. Proto\u017ee profesion\u00e1ln\u00ed p\u0159edseda spad\u00e1 pod firmu, nap\u0159. Homepartner, bude m\u00edt i pr\u00e1vn\u00ed podporu a bude tak m\u00edt mo\u017enost konzultace s pr\u00e1vn\u00edkem, v p\u0159\u00edpad\u011b nejr\u016fzn\u011bj\u0161\u00edch probl\u00e9m\u016f, kter\u00e9 v dom\u011b mohou vzniknout, nap\u0159. s neplati\u010di. A \u017ee to m\u016f\u017ee b\u00fdt skute\u010dn\u011b slo\u017eit\u00e9, pokud se v\u00e1m v dom\u011b takov\u00fd n\u00e1jemn\u00edk vyskytne a vy mus\u00edte vym\u00e1hat placen\u00ed n\u00e1jmu a z\u00e1loh soudn\u011b. Vz\u00edt si na sebe zodpov\u011bdnost za cel\u00fd d\u016fm, v r\u00e1mci v\u00fdboru Spole\u010denstv\u00ed, to je velmi n\u00e1ro\u010dn\u00fd \u00fakol, zvl\u00e1\u0161t\u011b na v\u00e1\u0161 \u010das, ale tak\u00e9 je to skute\u010dn\u00fd z\u00e1vazek, proto\u017ee se mus\u00edte o d\u016fm starat, jako by byl cel\u00fd v\u00e1\u0161. Pokud jste \u010dasov\u011b zanepr\u00e1zdn\u011bni vlastn\u00edm zam\u011bstn\u00e1n\u00edm, zva\u017ete dob\u0159e, zda se chcete p\u0159iv\u00e1zat k dal\u0161\u00edm \u010dasov\u00fdm z\u00e1vazk\u016fm a hlavn\u011b, zda chcete j\u00edt do risku, \u017ee se na v\u00e1s bude obracet cel\u00fd d\u016fm s probl\u00e9my. To se profesion\u00e1ln\u00edmu p\u0159edsedovi, kter\u00fd bydl\u00ed mimo v\u00e1\u0161 d\u016fm st\u00e1t nem\u016f\u017ee.                                                                                                                                                                                                                                                                                                                                                                                          4.8\/5 - (6 votes)        "},{"@context":"https:\/\/schema.org\/","@type":"BreadcrumbList","itemListElement":[{"@type":"ListItem","position":1,"name":"Nenechte se p\u0159ipravit o \u010das","item":"https:\/\/www.danima.cz\/nenechte-se-pripravit-o-cas\/#breadcrumbitem"}]}]