[{"@context":"https:\/\/schema.org\/","@type":"Article","@id":"https:\/\/www.danima.cz\/pracovni-obleceni\/#Article","mainEntityOfPage":"https:\/\/www.danima.cz\/pracovni-obleceni\/","headline":"Pracovn\u00ed oble\u010den\u00ed.","name":"Pracovn\u00ed oble\u010den\u00ed.","description":"Oble\u010den\u00ed je na sv\u011bte stra\u0161n\u011b moc a to v r\u016fzn\u00e9m proveden\u00ed. M\u016f\u017eeme m\u00edt bavln\u011bn\u00e9 tri\u010dko nebo tri\u010dko na sportov\u00e1n\u00ed z um\u011bl\u00e9ho vl\u00e1kna, kter\u00e9 m\u00e1 b\u00fdt","datePublished":"2024-03-13","dateModified":"2024-05-13","author":{"@type":"Person","@id":"https:\/\/www.danima.cz\/author\/devene\/#Person","name":"devene","url":"https:\/\/www.danima.cz\/author\/devene\/","identifier":1,"image":{"@type":"ImageObject","@id":"https:\/\/secure.gravatar.com\/avatar\/5522eb0fc8481dea5f6519f6a0b15ee2c46358d48429b281fd7c49cbb5a929f9?s=96&d=mm&r=g","url":"https:\/\/secure.gravatar.com\/avatar\/5522eb0fc8481dea5f6519f6a0b15ee2c46358d48429b281fd7c49cbb5a929f9?s=96&d=mm&r=g","height":96,"width":96}},"publisher":{"@type":"Organization","name":"danima.cz","logo":{"@type":"ImageObject","@id":"\/logo.png","url":"\/logo.png","width":600,"height":60}},"image":{"@type":"ImageObject","@id":"https:\/\/www.danima.cz\/wp-content\/uploads\/pexels-tiger-lily-4487385.jpg","url":"https:\/\/www.danima.cz\/wp-content\/uploads\/pexels-tiger-lily-4487385.jpg","height":0,"width":0},"url":"https:\/\/www.danima.cz\/pracovni-obleceni\/","about":["Produkty"],"wordCount":438,"articleBody":"   Oble\u010den\u00ed je na sv\u011bte stra\u0161n\u011b moc a to v r\u016fzn\u00e9m proveden\u00ed. M\u016f\u017eeme m\u00edt bavln\u011bn\u00e9 tri\u010dko nebo tri\u010dko na sportov\u00e1n\u00ed z um\u011bl\u00e9ho vl\u00e1kna, kter\u00e9 m\u00e1 b\u00fdt v\u00edce prody\u0161n\u00e9. Pod\u00edly a slo\u017een\u00ed jednotliv\u00fdch druh\u016f textilu jsou r\u016fzn\u00e9 a mohou se li\u0161it jen jedn\u00edm procentem a u\u017e se jedn\u00e1 o jin\u00e9 slo\u017een\u00ed. V\u011bt\u0161inou jsou materi\u00e1ly uv\u00e1d\u011bny pr\u00e1v\u011b v procentech, abyste m\u011bli p\u0159ehled o slo\u017een\u00ed a mo\u017en\u00e9m materi\u00e1ly, kter\u00fd je na textil vyu\u017e\u00edv\u00e1n. Spousta lid\u00ed se pot\u00fdk\u00e1 s alergi\u00ed na textil a m\u016f\u017ee jim vadit latex nebo jin\u00fd materi\u00e1l, kter\u00fd m\u016f\u017ee v textilu b\u00fdt obsa\u017een\u00fd. V takov\u00fdch p\u0159\u00edpadech se lid\u00e9 p\u0159i \u0161patn\u00e9m slo\u017een\u00ed mohou osypat nebo jim nask\u00e1\u010de vyr\u00e1\u017eka a nen\u00ed to p\u0159\u00edli\u0161 p\u0159\u00edjemn\u00e9. Slo\u017een\u00ed, je pro n\u011b velmi d\u016fle\u017eit\u00e9, aby si ochr\u00e1nili sv\u00e9 zdrav\u00ed. Je to stejn\u00e9, jako p\u0159i potravinov\u00fdch alergi\u00edch, kdy se lid\u00e9 po po\u017eit\u00ed alergick\u00e9 l\u00e1tky osypou, nebo maj\u00ed pr\u016fjem, nevolnost a otoky \u010d\u00e1st\u00ed t\u011bla. Nikdo, se nechce dobrovoln\u011b vystavovat alergick\u00fdm reakc\u00edm, a\u0165 u\u017e jsou na druh materi\u00e1lu nebo na potraviny. Mus\u00edte si prost\u011b d\u00e1vat pozor a v\u00edce \u010d\u00edst slo\u017een\u00ed. To jsme trochu odbo\u010dili od dan\u00e9ho t\u00e9matu oble\u010den\u00ed. N\u011bkte\u0159\u00ed lid\u00e9 chod\u00ed v pr\u00e1ci v kost\u00fdmku a sed\u00ed v kancel\u00e1\u0159\u00edch a jin\u00ed maj\u00ed na sob\u011b reklamn\u00ed textil, kter\u00fd pravideln\u011b ke sv\u00e9 pr\u00e1ci fasuj\u00ed od zam\u011bstnavatele. Je, to ironie, \u017ee n\u011bkter\u00e9 zam\u011bstn\u00e1n\u00ed v\u00e1m oble\u010den\u00ed nena\u0159izuje, ale mus\u00edte spl\u0148ovat ur\u010dit\u00fd druh konvence a stylu a jin\u00e9 zam\u011bstn\u00e1n\u00ed v\u00e1s donut\u00ed nosit v\u011bci jasn\u011b dan\u00e9. Nap\u0159\u00edklad takov\u00e9 tri\u010dko s kalhoty, kter\u00e9 nejsou na t\u011ble ani trochu p\u0159\u00edjemn\u00e9, ale spl\u0148uj\u00ed podm\u00ednky pro spole\u010dn\u00fd od\u011bv, nejl\u00e9pe s logem zam\u011bstnavatele, abyste vypadali v\u0161ichni stejn\u011b a spl\u0148ovali ur\u010dit\u00e9 podm\u00ednky v obl\u00e9k\u00e1n\u00ed. V\u011bt\u0161inou se jedn\u00e1 o velk\u00e9 firmy, kde lid\u00e9 pracuj\u00ed ve skladech na p\u00e1sov\u00e9 v\u00fdrob\u011b nebo jako d\u011bln\u00edci jedn\u00e9 firmy. V\u0161ichni mus\u00ed spl\u0148ovat obl\u00e9k\u00e1n\u00ed a hlavn\u011b bezpe\u010dnost v obl\u00e9k\u00e1n\u00ed. Ve skladech a na jin\u00fdch m\u00edstech mus\u00edte m\u00edt uzav\u0159en\u00e9 boty s vyztu\u017eenou \u0161pi\u010dkou, kv\u016fli bezpe\u010dnosti.                                                                                                                                                                                                                                                                                                                                                                                           4.1\/5 - (12 votes)        "},{"@context":"https:\/\/schema.org\/","@type":"BreadcrumbList","itemListElement":[{"@type":"ListItem","position":1,"name":"Pracovn\u00ed oble\u010den\u00ed.","item":"https:\/\/www.danima.cz\/pracovni-obleceni\/#breadcrumbitem"}]}]