[{"@context":"https:\/\/schema.org\/","@type":"Article","@id":"https:\/\/www.danima.cz\/pronajem-auta-na-letisti-v-ruzyni\/#Article","mainEntityOfPage":"https:\/\/www.danima.cz\/pronajem-auta-na-letisti-v-ruzyni\/","headline":"Pron\u00e1jem auta na leti\u0161ti v Ruzyni","name":"Pron\u00e1jem auta na leti\u0161ti v Ruzyni","description":"Leti\u0161t\u011b Praha Ruzyn\u011b se nach\u00e1z\u00ed na m\u00edst\u011b, kter\u00e9 bychom mohli ozna\u010dit za velmi v\u00fdhodn\u00e9 z hlediska cestovn\u00edho ruchu. Jist\u011b, je tu leti\u0161tn\u00ed p\u0159ist\u00e1vac\u00ed a vzletov\u00e1","datePublished":"2024-11-05","dateModified":"2024-11-05","author":{"@type":"Person","@id":"https:\/\/www.danima.cz\/author\/devene\/#Person","name":"devene","url":"https:\/\/www.danima.cz\/author\/devene\/","identifier":1,"image":{"@type":"ImageObject","@id":"https:\/\/secure.gravatar.com\/avatar\/5522eb0fc8481dea5f6519f6a0b15ee2c46358d48429b281fd7c49cbb5a929f9?s=96&d=mm&r=g","url":"https:\/\/secure.gravatar.com\/avatar\/5522eb0fc8481dea5f6519f6a0b15ee2c46358d48429b281fd7c49cbb5a929f9?s=96&d=mm&r=g","height":96,"width":96}},"publisher":{"@type":"Organization","name":"danima.cz","logo":{"@type":"ImageObject","@id":"\/logo.png","url":"\/logo.png","width":600,"height":60}},"image":{"@type":"ImageObject","@id":"https:\/\/www.danima.cz\/wp-content\/uploads\/bechyne-3055389_640_1.jpg","url":"https:\/\/www.danima.cz\/wp-content\/uploads\/bechyne-3055389_640_1.jpg","height":0,"width":0},"url":"https:\/\/www.danima.cz\/pronajem-auta-na-letisti-v-ruzyni\/","about":["Firmy"],"wordCount":419,"articleBody":"       Leti\u0161t\u011b Praha Ruzyn\u011b se nach\u00e1z\u00ed na m\u00edst\u011b, kter\u00e9 bychom mohli ozna\u010dit za velmi v\u00fdhodn\u00e9 z hlediska cestovn\u00edho ruchu. Jist\u011b, je tu leti\u0161tn\u00ed p\u0159ist\u00e1vac\u00ed a vzletov\u00e1 plocha a denn\u011b se tu vyst\u0159\u00edd\u00e1 n\u011bkolik tis\u00edc pasa\u017e\u00e9r\u016f, ale v\u00fdhodnost spo\u010d\u00edv\u00e1 i v napojen\u00ed silnic a d\u00e1lnic nad Pra\u017eskou kotlinou. Leti\u0161t\u011b je vybudov\u00e1no na n\u00e1horn\u00ed plo\u0161in\u011b s dalek\u00fdm v\u00fdhledem na \u010cesk\u00e9 st\u0159edoho\u0159\u00ed a je mo\u017en\u00e9 se odtud velmi rychle p\u0159esm\u011brovat i do jin\u00fdch m\u00edst v republice. Jestli\u017ee si tu pronajmete v\u016fz v autop\u016fj\u010dovn\u011b v Praze https:\/\/autopujcovna-milan.cz\/, najedete na d\u00e1lnici D7 a n\u00e1sledn\u011b na dal\u0161\u00ed d\u00e1lni\u010dn\u00ed spoje, s nimi\u017e jste b\u011bhem kr\u00e1tk\u00e9 doby od Prahy vzd\u00e1leni n\u011bkolik stovek kilometr\u016f. Necestujete-li s vozidlem pracovn\u011b a jde-li pouze o soukrom\u00fd v\u00fdlet ve voln\u00e9m \u010dase, kde by to mohlo b\u00fdt pro v\u00e1s zaj\u00edmav\u00e9 a poutav\u00e9?Stvo\u0159idla \u2013 pe\u0159eje Stvo\u0159idla jsou mnoha lidem zcela nezn\u00e1m\u00e9, znaj\u00ed je hlavn\u011b vod\u00e1ci pluj\u00edc\u00ed po S\u00e1zav\u011b. M\u00edsto nen\u00ed tak zn\u00e1m\u00e9 ani pro cyklisty, ale sp\u00ed\u0161e jen pro p\u011b\u0161\u00ed turistiku, ka\u017edop\u00e1dn\u011b autem je toto kr\u00e1sn\u00e9 m\u00edsto dob\u0159e p\u0159\u00edstupn\u00e9. V\u016fz zaparkujete v Mrzkovic\u00edch nebo v kempu Stvo\u0159idla a projdete si po \u010derven\u00e9 zna\u010dce pod\u00e9l pe\u0159ej\u00ed \u00fasek dlouh\u00fd zhruba \u010dty\u0159i kilometry. Doporu\u010dujeme hlavn\u011b slune\u010dn\u00e9 a tepl\u00e9 po\u010das\u00ed, kdy se d\u00e1 v \u0159ece i koupat.Lu\u017enice mezi T\u00e1borem a Bechyn\u00ed \u2013 z Prahy do T\u00e1bora to nen\u00ed daleko a od T\u00e1bora do Bechyn\u011b je to po silnici rovn\u011b\u017e kr\u00e1tk\u00e1 vzd\u00e1lenost. Vyplat\u00ed se tu v\u0161ak zaparkovat auto ve vod\u00e1ck\u00e9m kempu na Harrachovce pod T\u00e1borem a proj\u00edt se pod\u00e9l \u0159eky sm\u011brem k Bechyni p\u011b\u0161ky, nebo si tu pronajmout lo\u010f a sv\u00e9zt se s n\u00ed n\u011bkolik kilometr\u016f ke z\u0159\u00edcenin\u011b hradu P\u0159\u00edb\u011bnice a ke z\u0159\u00edcenin\u011b hradu Dobronice. \u0158\u00ed\u010dn\u00ed \u00fasek mezi T\u00e1borem a Bechyn\u00ed tak\u00e9 zdob\u00ed St\u00e1dleck\u00fd \u0159et\u011bzov\u00fd most \u2013 technick\u00e1 pam\u00e1tka, kter\u00e1 byla z Podolska p\u0159ed v\u00fdstavbou Orlick\u00e9 p\u0159ehrady p\u0159em\u00edst\u011bna na Lu\u017enici v roce 1975. M\u016f\u017eete si tu zajistit i ubytov\u00e1n\u00ed a prozkoumat doln\u00ed \u00fasek Lu\u017enice ve v\u011bt\u0161\u00edm rozsahu, vyplat\u00ed se to.                                                                                                                                                                                                                                                                                                                                                                                          3.9\/5 - (9 votes)        "},{"@context":"https:\/\/schema.org\/","@type":"BreadcrumbList","itemListElement":[{"@type":"ListItem","position":1,"name":"Pron\u00e1jem auta na leti\u0161ti v Ruzyni","item":"https:\/\/www.danima.cz\/pronajem-auta-na-letisti-v-ruzyni\/#breadcrumbitem"}]}]