[{"@context":"https:\/\/schema.org\/","@type":"Article","@id":"https:\/\/www.danima.cz\/skvele-stany\/#Article","mainEntityOfPage":"https:\/\/www.danima.cz\/skvele-stany\/","headline":"Skv\u011bl\u00e9 stany","name":"Skv\u011bl\u00e9 stany","description":"T\u011b\u0161\u00edm se, a\u017e kone\u010dn\u011b u\u017e bude l\u00e9to a j\u00e1 si na zahrad\u011b uspo\u0159\u00e1d\u00e1m n\u011bjakou velikou p\u00e1rty, proto\u017ee jsem velk\u00e1 milovnice oslav. Moje rodina mi \u0159\u00edk\u00e1,","datePublished":"2023-03-28","dateModified":"2023-04-28","author":{"@type":"Person","@id":"https:\/\/www.danima.cz\/author\/devene\/#Person","name":"devene","url":"https:\/\/www.danima.cz\/author\/devene\/","identifier":1,"image":{"@type":"ImageObject","@id":"https:\/\/secure.gravatar.com\/avatar\/5522eb0fc8481dea5f6519f6a0b15ee2c46358d48429b281fd7c49cbb5a929f9?s=96&d=mm&r=g","url":"https:\/\/secure.gravatar.com\/avatar\/5522eb0fc8481dea5f6519f6a0b15ee2c46358d48429b281fd7c49cbb5a929f9?s=96&d=mm&r=g","height":96,"width":96}},"publisher":{"@type":"Organization","name":"danima.cz","logo":{"@type":"ImageObject","@id":"\/logo.png","url":"\/logo.png","width":600,"height":60}},"image":{"@type":"ImageObject","@id":"https:\/\/www.danima.cz\/wp-content\/uploads\/circus-4721247_960_720_2.jpg","url":"https:\/\/www.danima.cz\/wp-content\/uploads\/circus-4721247_960_720_2.jpg","height":0,"width":0},"url":"https:\/\/www.danima.cz\/skvele-stany\/","about":["Produkty"],"wordCount":442,"articleBody":"      T\u011b\u0161\u00edm se, a\u017e kone\u010dn\u011b u\u017e bude l\u00e9to a j\u00e1 si na zahrad\u011b uspo\u0159\u00e1d\u00e1m n\u011bjakou velikou p\u00e1rty, proto\u017ee jsem velk\u00e1 milovnice oslav. Moje rodina mi \u0159\u00edk\u00e1, \u017ee jsem st\u00e1le asi v pubert\u00e1ln\u00edm v\u011bku, \u017ee m\u011b st\u00e1le bav\u00ed tancovat a bavit se na r\u016fzn\u00fdch akc\u00edch a p\u00e1rty. A chci m\u00edt v\u017edycky velikou p\u00e1rty, proto\u017ee v l\u00e9t\u011b slav\u00edm se sv\u00fdm dvoj\u010detem t\u0159ic\u00e1t\u00e9 druh\u00e9 narozeniny. A jak u\u017e to, tak u n\u00e1s b\u00fdv\u00e1 zvykem, tak na\u0161e cel\u00e1 rodina je velice takov\u00e1 ak\u010dn\u00ed a z\u00e1bavn\u00e1, \u017ee ka\u017ed\u00e1 na\u0161e oslava je v\u017edycky takov\u00e1 unik\u00e1tn\u00ed a je tam velik\u00e1 z\u00e1bava. A to jen d\u00edky mn\u011b, \u017ee jsem velk\u00fd extrovert. Ta na\u0161e z\u00e1bava v\u017edycky stoj\u00ed za to! A taky aby ne, kdy\u017e pracuji pro jednu cateringovou firmu. V cateringu opravdu db\u00e1me na kvalitu a profesionalitu. Um\u00edm ud\u011blat opravdu perfektn\u00ed oslavu anebo p\u00e1rty, aby se na n\u00ed v\u0161em l\u00edbilo a aby byla dokonal\u00e1. V\u017edycky se mi l\u00edb\u00ed a po\u017eaduji, aby p\u00e1rty byla tak dokonal\u00e1 a skv\u011bl\u00e1, aby na n\u00ed potom ka\u017ed\u00fd r\u00e1d vzpom\u00ednal jenom v tom dobr\u00e9m smyslu. Samoz\u0159ejm\u011b, \u017ee n\u011bkdy se p\u00e1rty ani nevyda\u0159\u00ed, ale ne v\u017edy tomu tak je. A to hlavn\u011b z toho d\u016fvodu, kdy\u017e jsou dva lid\u00e9 na p\u00e1rty a nesednou si, tak se potom poh\u00e1daj\u00ed. A to m\u011b potom velice mrz\u00ed, proto\u017ee je v\u017edycky v\u0161ude nep\u0159\u00edjemn\u00fd hluk. A na dal\u0161\u00ed p\u00e1rty jsem si u\u017e po\u0159\u00eddila z kvalitn\u00ed n\u016f\u017ekov\u00fd p\u00e1rty stan o velikosti 2 x 4 metr\u016f.A vy se m\u011b jist\u011b pt\u00e1te, pro\u010d jsem si po\u0159\u00eddila takhle velk\u00fd p\u00e1rty stan. Proto\u017ee se mi l\u00edb\u00ed. Proto\u017ee u n\u00e1s doma m\u00e1me opravdu velikou rodinu a plno p\u0159\u00e1tel. Tak\u017ee n\u016f\u017ekov\u00fd p\u00e1rty stan o velikosti 2 x 4 metr\u016f a v\u00edce je skv\u011bl\u00e9. A na webov\u00e9 str\u00e1nce tentino.cz najdete nejenom prima p\u00e1rty stany o velikosti 2 x 4 metr\u016f, ale i dal\u0161\u00ed dopl\u0148ky, kter\u00e9 by se v\u00e1m hodili pro catering anebo jinou p\u00e1rty nebo oslavu. J\u00e1 sama jsem byla velmi p\u0159ekvapen\u00e1, jak jsou n\u016f\u017ekov\u00e9 p\u00e1rty stany 2&#215;4 m https:\/\/www.tentino.cz\/nuzkovy-party-stan-2&#215;4\/ velmi obl\u00edben\u00e9. A j\u00e1 se nediv\u00edm. Tyto stany jsou z velmi kvalitn\u00edho a odoln\u00e9ho materi\u00e1lu, \u017ee jim jde jen opravdu t\u011b\u017eko odolat.                                                                                                                                                                                                                                                                                                                                                                                           4.5\/5 - (10 votes)        "},{"@context":"https:\/\/schema.org\/","@type":"BreadcrumbList","itemListElement":[{"@type":"ListItem","position":1,"name":"Skv\u011bl\u00e9 stany","item":"https:\/\/www.danima.cz\/skvele-stany\/#breadcrumbitem"}]}]