[{"@context":"https:\/\/schema.org\/","@type":"Article","@id":"https:\/\/www.danima.cz\/v-zime-je-take-vyuzivana-bruslari-a-hokejisty-i-bezkari\/#Article","mainEntityOfPage":"https:\/\/www.danima.cz\/v-zime-je-take-vyuzivana-bruslari-a-hokejisty-i-bezkari\/","headline":"V zim\u011b je tak\u00e9 vyu\u017e\u00edvan\u00e1 brusla\u0159i a hokejisty i b\u011b\u017eka\u0159i","name":"V zim\u011b je tak\u00e9 vyu\u017e\u00edvan\u00e1 brusla\u0159i a hokejisty i b\u011b\u017eka\u0159i","description":"Ud\u011blejte si b\u00e1je\u010dnou letn\u00ed dovolenou na M\u00e1chov\u011b jeze\u0159e a nebudete litovat sv\u00e9ho rozhodnut\u00ed. Budete se do t\u00e9to krajiny vracet nejen v parn\u00fdch dnech, ale zav\u00edt\u00e1te","datePublished":"2025-08-28","dateModified":"2025-08-28","author":{"@type":"Person","@id":"https:\/\/www.danima.cz\/author\/devene\/#Person","name":"devene","url":"https:\/\/www.danima.cz\/author\/devene\/","identifier":1,"image":{"@type":"ImageObject","@id":"https:\/\/secure.gravatar.com\/avatar\/5522eb0fc8481dea5f6519f6a0b15ee2c46358d48429b281fd7c49cbb5a929f9?s=96&d=mm&r=g","url":"https:\/\/secure.gravatar.com\/avatar\/5522eb0fc8481dea5f6519f6a0b15ee2c46358d48429b281fd7c49cbb5a929f9?s=96&d=mm&r=g","height":96,"width":96}},"publisher":{"@type":"Organization","name":"danima.cz","logo":{"@type":"ImageObject","@id":"\/logo.png","url":"\/logo.png","width":600,"height":60}},"url":"https:\/\/www.danima.cz\/v-zime-je-take-vyuzivana-bruslari-a-hokejisty-i-bezkari\/","wordCount":163,"articleBody":"Ud\u011blejte si b\u00e1je\u010dnou letn\u00ed dovolenou na M\u00e1chov\u011b jeze\u0159e a nebudete litovat sv\u00e9ho rozhodnut\u00ed. Budete se do t\u00e9to krajiny vracet nejen v parn\u00fdch dnech, ale zav\u00edt\u00e1te zde i na proch\u00e1zku v chladn\u011bj\u0161\u00edm obdob\u00ed. Pr\u00e1zdninov\u00e9 dny ulet\u00ed jako voda a je t\u0159eba jich vyu\u017e\u00edt na pln\u00e9 obr\u00e1tky. Nejkr\u00e1sn\u011bj\u0161\u00ed je \u010dervencov\u00fd \u010das, kdy je l\u00e9to v pln\u00e9m proudu. S M\u00e1chov\u00fdm jezerem se odd\u00e1te pr\u00e1zdninov\u00e9mu opojen\u00ed Nejste \u017e\u00e1dn\u00ed cestovatel\u00e9 a trm\u00e1cet se a\u017e k mo\u0159i je pro v\u00e1s nemysliteln\u00e9? Tou\u017e\u00edte ov\u0161em po dovolen\u00e9, kter\u00e1 v\u00e1s p\u0159\u00edli\u0161 finan\u010dn\u011b nezas\u00e1hne a p\u0159itom je obdivuhodn\u00e1? Rezervujte si pobyt v chatov\u00e9 osad\u011b Elite na Star\u00fdch Splavech! T\u011b\u0161te se na pro\u017eit\u00ed letn\u00edch dn\u016f, kter\u00e9 se stanou nejkr\u00e1sn\u011bj\u0161\u00edmi. Ka\u017ed\u00fd rok m\u016f\u017eete relaxovat v t\u00e9to bo\u017esk\u00e9 lokalit\u011b.                                                                                                                                                                                                                                                                                                                                                                                                "},{"@context":"https:\/\/schema.org\/","@type":"BreadcrumbList","itemListElement":[{"@type":"ListItem","position":1,"name":"V zim\u011b je tak\u00e9 vyu\u017e\u00edvan\u00e1 brusla\u0159i a hokejisty i b\u011b\u017eka\u0159i","item":"https:\/\/www.danima.cz\/v-zime-je-take-vyuzivana-bruslari-a-hokejisty-i-bezkari\/#breadcrumbitem"}]}]