{"@context":"https:\/\/schema.org\/","@type":"CollectionPage","@id":"https:\/\/www.danima.cz\/zena\/#CollectionPage","headline":"\u017dena Category","description":"","url":"https:\/\/www.danima.cz\/zena\/","hasPart":[{"@type":"Article","@id":"https:\/\/www.danima.cz\/liceni-hned-po-ranu\/","headline":"L\u00ed\u010den\u00ed hned po r\u00e1nu","url":"https:\/\/www.danima.cz\/liceni-hned-po-ranu\/","datePublished":"2024-07-29","dateModified":"2024-07-29","mainEntityOfPage":"https:\/\/www.danima.cz\/liceni-hned-po-ranu\/","author":{"@type":"Person","@id":"https:\/\/www.danima.cz\/author\/devene\/#Person","name":"devene","url":"https:\/\/www.danima.cz\/author\/devene\/","identifier":1,"image":{"@type":"ImageObject","@id":"https:\/\/secure.gravatar.com\/avatar\/5522eb0fc8481dea5f6519f6a0b15ee2c46358d48429b281fd7c49cbb5a929f9?s=96&d=mm&r=g","url":"https:\/\/secure.gravatar.com\/avatar\/5522eb0fc8481dea5f6519f6a0b15ee2c46358d48429b281fd7c49cbb5a929f9?s=96&d=mm&r=g","height":96,"width":96}},"publisher":{"@type":"Organization","name":"danima.cz","logo":{"@type":"ImageObject","@id":"\/logo.png","url":"\/logo.png","width":600,"height":60}},"image":{"@type":"ImageObject","@id":"https:\/\/www.danima.cz\/wp-content\/uploads\/l%C3%AD%C4%8Den%C3%AD_3.jpg","url":"https:\/\/www.danima.cz\/wp-content\/uploads\/l%C3%AD%C4%8Den%C3%AD_3.jpg","height":0,"width":0},"keywords":null},{"@type":"Article","@id":"https:\/\/www.danima.cz\/zena-a-jeji-potreby\/","headline":"\u017dena a jej\u00ed pot\u0159eby","url":"https:\/\/www.danima.cz\/zena-a-jeji-potreby\/","datePublished":"2023-11-20","dateModified":"2023-12-20","mainEntityOfPage":"https:\/\/www.danima.cz\/zena-a-jeji-potreby\/","author":{"@type":"Person","@id":"https:\/\/www.danima.cz\/author\/devene\/#Person","name":"devene","url":"https:\/\/www.danima.cz\/author\/devene\/","identifier":1,"image":{"@type":"ImageObject","@id":"https:\/\/secure.gravatar.com\/avatar\/5522eb0fc8481dea5f6519f6a0b15ee2c46358d48429b281fd7c49cbb5a929f9?s=96&d=mm&r=g","url":"https:\/\/secure.gravatar.com\/avatar\/5522eb0fc8481dea5f6519f6a0b15ee2c46358d48429b281fd7c49cbb5a929f9?s=96&d=mm&r=g","height":96,"width":96}},"publisher":{"@type":"Organization","name":"danima.cz","logo":{"@type":"ImageObject","@id":"\/logo.png","url":"\/logo.png","width":600,"height":60}},"image":{"@type":"ImageObject","@id":"https:\/\/www.danima.cz\/wp-content\/uploads\/candle-3065579_1280.jpg","url":"https:\/\/www.danima.cz\/wp-content\/uploads\/candle-3065579_1280.jpg","height":0,"width":0},"keywords":null},{"@type":"Article","@id":"https:\/\/www.danima.cz\/podle-ceho-poznate-psychicke-vycerpani\/","headline":"Podle \u010deho pozn\u00e1te psychick\u00e9 vy\u010derp\u00e1n\u00ed?","url":"https:\/\/www.danima.cz\/podle-ceho-poznate-psychicke-vycerpani\/","datePublished":"2023-07-28","dateModified":"2024-03-28","mainEntityOfPage":"https:\/\/www.danima.cz\/podle-ceho-poznate-psychicke-vycerpani\/","author":{"@type":"Person","@id":"https:\/\/www.danima.cz\/author\/devene\/#Person","name":"devene","url":"https:\/\/www.danima.cz\/author\/devene\/","identifier":1,"image":{"@type":"ImageObject","@id":"https:\/\/secure.gravatar.com\/avatar\/5522eb0fc8481dea5f6519f6a0b15ee2c46358d48429b281fd7c49cbb5a929f9?s=96&d=mm&r=g","url":"https:\/\/secure.gravatar.com\/avatar\/5522eb0fc8481dea5f6519f6a0b15ee2c46358d48429b281fd7c49cbb5a929f9?s=96&d=mm&r=g","height":96,"width":96}},"publisher":{"@type":"Organization","name":"danima.cz","logo":{"@type":"ImageObject","@id":"\/logo.png","url":"\/logo.png","width":600,"height":60}},"image":{"@type":"ImageObject","@id":"https:\/\/www.danima.cz\/wp-content\/uploads\/pexels-maryia-plashchynskaya-3400764_1.jpg","url":"https:\/\/www.danima.cz\/wp-content\/uploads\/pexels-maryia-plashchynskaya-3400764_1.jpg","height":0,"width":0},"keywords":null},{"@type":"Article","@id":"https:\/\/www.danima.cz\/vrhnete-se-na-jarni-detox\/","headline":"Vrhn\u011bte se na jarn\u00ed detox!","url":"https:\/\/www.danima.cz\/vrhnete-se-na-jarni-detox\/","datePublished":"2023-06-28","dateModified":"2023-06-28","mainEntityOfPage":"https:\/\/www.danima.cz\/vrhnete-se-na-jarni-detox\/","author":{"@type":"Person","@id":"https:\/\/www.danima.cz\/author\/devene\/#Person","name":"devene","url":"https:\/\/www.danima.cz\/author\/devene\/","identifier":1,"image":{"@type":"ImageObject","@id":"https:\/\/secure.gravatar.com\/avatar\/5522eb0fc8481dea5f6519f6a0b15ee2c46358d48429b281fd7c49cbb5a929f9?s=96&d=mm&r=g","url":"https:\/\/secure.gravatar.com\/avatar\/5522eb0fc8481dea5f6519f6a0b15ee2c46358d48429b281fd7c49cbb5a929f9?s=96&d=mm&r=g","height":96,"width":96}},"publisher":{"@type":"Organization","name":"danima.cz","logo":{"@type":"ImageObject","@id":"\/logo.png","url":"\/logo.png","width":600,"height":60}},"image":{"@type":"ImageObject","@id":"https:\/\/www.danima.cz\/wp-content\/uploads\/pexels-kai-pilger-996329_10_8.jpg","url":"https:\/\/www.danima.cz\/wp-content\/uploads\/pexels-kai-pilger-996329_10_8.jpg","height":0,"width":0},"keywords":null},{"@type":"Article","@id":"https:\/\/www.danima.cz\/klimatizace-do-bytu-se-dnes-stava-nutnosti\/","headline":"Klimatizace do bytu se dnes st\u00e1v\u00e1 nutnost\u00ed","url":"https:\/\/www.danima.cz\/klimatizace-do-bytu-se-dnes-stava-nutnosti\/","datePublished":"2019-09-16","dateModified":"2019-09-16","mainEntityOfPage":"https:\/\/www.danima.cz\/klimatizace-do-bytu-se-dnes-stava-nutnosti\/","author":{"@type":"Person","@id":"https:\/\/www.danima.cz\/author\/devene\/#Person","name":"devene","url":"https:\/\/www.danima.cz\/author\/devene\/","identifier":1,"image":{"@type":"ImageObject","@id":"https:\/\/secure.gravatar.com\/avatar\/5522eb0fc8481dea5f6519f6a0b15ee2c46358d48429b281fd7c49cbb5a929f9?s=96&d=mm&r=g","url":"https:\/\/secure.gravatar.com\/avatar\/5522eb0fc8481dea5f6519f6a0b15ee2c46358d48429b281fd7c49cbb5a929f9?s=96&d=mm&r=g","height":96,"width":96}},"publisher":{"@type":"Organization","name":"danima.cz","logo":{"@type":"ImageObject","@id":"\/logo.png","url":"\/logo.png","width":600,"height":60}},"image":{"@type":"ImageObject","@id":"https:\/\/www.danima.cz\/wp-content\/uploads\/img_a344291_w1750_t1557908812.jpg","url":"https:\/\/www.danima.cz\/wp-content\/uploads\/img_a344291_w1750_t1557908812.jpg","height":0,"width":0},"keywords":null}]}